{"id":6008,"date":"2020-07-21T12:09:21","date_gmt":"2020-07-21T12:09:21","guid":{"rendered":"http:\/\/chateaukids.com\/?p=6008"},"modified":"2020-08-10T15:10:53","modified_gmt":"2020-08-10T15:10:53","slug":"ingilizce-tamam-ama-artik-yeterli-mi-ya-almanca-fransizca-ispanyolca-rusca-cince","status":"publish","type":"post","link":"https:\/\/chateaukids.com\/fr\/ingilizce-tamam-ama-artik-yeterli-mi-ya-almanca-fransizca-ispanyolca-rusca-cince\/","title":{"rendered":"OK, MAIS\u2026 Est-ce encore suffisant ? Qu\u2019en est-il de l\u2019allemand, du fran\u00e7ais, de l\u2019espagnol, du russe, du chinois ?"},"content":{"rendered":"<p>De nos jours, conna\u00eetre l\u2019anglais permet \u00e0 chacun d\u2019aller plus loin dans les domaines de la carri\u00e8re et de l\u2019\u00e9ducation, tandis qu\u2019apprendre une deuxi\u00e8me langue \u00e9trang\u00e8re les am\u00e8ne 10 \u00e9tapes plus loin. Parce qu\u2019en cette p\u00e9riode o\u00f9 tout le monde conna\u00eet l\u2019anglais ou essaie de l\u2019apprendre. <a rel=\"noreferrer noopener\" href=\"https:\/\/tr.wikipedia.org\/wiki\/Almanca\" target=\"_blank\">Allemand<\/a>,<br><a rel=\"noreferrer noopener\" href=\"https:\/\/tr.wikipedia.org\/wiki\/Frans%C4%B1zca\" target=\"_blank\">Fran\u00e7ais<\/a>, <a rel=\"noreferrer noopener\" href=\"https:\/\/tr.wikipedia.org\/wiki\/%C4%B0spanyolca\" target=\"_blank\">Espagnol<\/a>, <a rel=\"noreferrer noopener\" href=\"https:\/\/tr.wikipedia.org\/wiki\/Rus%C3%A7a\" target=\"_blank\">russe<\/a>, <a rel=\"noreferrer noopener\" href=\"https:\/\/tr.wikipedia.org\/wiki\/%C3%87ince\" target=\"_blank\">Chinois <\/a>Conna\u00eetre des langues comme celles-ci constitue un grand avantage tant sur le plan \u00e9ducatif que professionnel. De nos jours, quiconque d\u00e9cide de devenir employ\u00e9 qualifi\u00e9 ou voyageur envisage des alternatives pour apprendre une deuxi\u00e8me, voire une troisi\u00e8me langue.<\/p><figure class=\"wp-block-image size-large\"><img decoding=\"async\" src=\"http:\/\/chateaukids.com\/wp-content\/uploads\/2020\/07\/shutterstock_blog-1024x418.jpg\" alt=\"ingilizce frans\u0131zca almanca ispanyolca italyanca rus\u00e7a \u00e7ince kolayca \u00f6\u011frenim \u00e7ocuklar ve gen\u00e7ler i\u00e7in yarat\u0131c\u0131 \u00f6\u011frenme programlar\u0131\" class=\"wp-image-6012\"\/><\/figure><h2 class=\"wp-block-heading\">La langue la plus parl\u00e9e au monde apr\u00e8s l&#039;anglais <strong>Espagnol<\/strong><\/h2><p>L&#039;espagnol, valable dans de nombreuses r\u00e9gions du monde, notamment en Espagne et en Am\u00e9rique du Sud, est la deuxi\u00e8me langue la plus parl\u00e9e apr\u00e8s l&#039;anglais. L&#039;espagnol, langue romane indo-europ\u00e9enne, est une langue tr\u00e8s complexe et m\u00e9lodique. L\u2019Espagne est l\u2019un des pays pr\u00e9f\u00e9r\u00e9s des personnes souhaitant apprendre l\u2019espagnol. Avec des cha\u00eenes d&#039;\u00e9coles en Espagne, <strong><a rel=\"noreferrer noopener\" href=\"https:\/\/tr.wikipedia.org\/wiki\/Barselona\" target=\"_blank\">Barcelone<\/a>, <a rel=\"noreferrer noopener\" href=\"https:\/\/tr.wikipedia.org\/wiki\/Madrid\" target=\"_blank\">Madrid<\/a>, S\u00e9ville, Alicante, Malaga<\/strong> Des cours d&#039;espagnol sont propos\u00e9s dans plus de 10 villes d&#039;Espagne. Les personnes qui ont la chance d\u2019apprendre l\u2019espagnol dans leur pays d\u2019origine l\u2019apprennent plus rapidement.<\/p><h2 class=\"wp-block-heading\">Cela semble difficile mais facile \u00e0 apprendre <strong>Allemand<\/strong><\/h2><p>L&#039;allemand est une langue qui constitue la base de toutes les langues europ\u00e9ennes. L&#039;anglais peut \u00eatre d\u00e9crit comme une version dialectale de l&#039;alphabet allemand, bas\u00e9e sur la langue allemande. Apprendre l\u2019allemand permet d\u2019apprendre de nombreuses langues \u00e9trang\u00e8res plus facilement et plus rapidement. <strong><a rel=\"noreferrer noopener\" href=\"https:\/\/tr.wikipedia.org\/wiki\/R%C3%B6nesans\" target=\"_blank\">P\u00e9riode Renaissance<\/a><\/strong>C\u2019\u00e9tait une \u00e9poque o\u00f9 la litt\u00e9rature allemande et tous les mouvements artistiques se r\u00e9pandaient dans d\u2019autres pays europ\u00e9ens et constituaient la base linguistique de nombreux pays. L&#039;Allemagne propose des options d&#039;enseignement de la langue allemande dans de nombreuses villes. acad\u00e9miquement <a rel=\"noreferrer noopener\" href=\"https:\/\/tr.wikipedia.org\/wiki\/Almanya\" target=\"_blank\">en Allemagne <\/a>Les personnes qui souhaitent suivre des \u00e9tudes de premier cycle ou de troisi\u00e8me cycle peuvent facilement am\u00e9liorer leurs connaissances en allemand dans leur pays d&#039;origine.<\/p><h2 class=\"wp-block-heading\">Une des langues officielles du Canada <strong>Fran\u00e7ais<\/strong><\/h2><p>Parl\u00e9 aujourd&#039;hui par environ 220 millions de personnes, le fran\u00e7ais est la 6\u00e8me langue la plus parl\u00e9e au monde. Apprendre cette langue vous offre une merveilleuse opportunit\u00e9 de suivre de pr\u00e8s ce qui se passe en France, dans une partie importante de l\u2019Europe et dans de nombreux pays d\u2019Afrique. M\u00eame si le premier pays qui vient \u00e0 l\u2019esprit pour apprendre la langue fran\u00e7aise est la France. <a rel=\"noreferrer noopener\" href=\"https:\/\/tr.wikipedia.org\/wiki\/Kanada\" target=\"_blank\"><strong>au Canada<\/strong> <\/a>Le fait que l&#039;une des langues officielles soit le fran\u00e7ais fait du Canada une option pr\u00e9f\u00e9rable pour les personnes qui souhaitent apprendre le fran\u00e7ais. au Canada <strong><a href=\"https:\/\/tr.wikipedia.org\/wiki\/Montreal\">Montr\u00e9al <\/a><\/strong>s&#039;imposer en France <strong><a rel=\"noreferrer noopener\" href=\"https:\/\/tr.wikipedia.org\/wiki\/Paris\" target=\"_blank\">Paris <\/a><\/strong>vient au premier plan.<\/p><h2 class=\"wp-block-heading\">La quatri\u00e8me langue la plus recherch\u00e9e \u00e0 apprendre <strong>italien<\/strong><\/h2><p>D\u00fcnya genelinde \u00fcniversitelerdeki \u0130talyanca derslerine olan ilgi de son y\u0131llarda %20\u2019nin \u00fczerinde art\u0131\u015f g\u00f6stererek \u0130talyancay\u0131 en \u00e7ok \u00f6\u011frenilmek istenen 4. dil konumuna getirmi\u015f durumda. \u0130talya\u2019n\u0131n hemen her \u015fehrinde \u0130talyanca dil e\u011fitimi veren kurslar bulunur. \u00d6zellikle <strong><a rel=\"noreferrer noopener\" href=\"https:\/\/tr.wikipedia.org\/wiki\/Roma\" target=\"_blank\">Rome<\/a>, Florence, Venise<\/strong> m\u00eame si c&#039;est pr\u00e9f\u00e9rable<strong> Sinaea, Pise, Milan<\/strong>C&#039;est l&#039;une des villes les plus appr\u00e9ci\u00e9es du pays.<\/p><p><a href=\"http:\/\/chateaukids.com\/fr\/2-5-yas-cocuklar-icin-fransizca-ingilizce\/\" target=\"_blank\" rel=\"noreferrer noopener\">Nos groupes de jeux en fran\u00e7ais et en anglais pour les enfants \u00e2g\u00e9s de 2 \u00e0 5 ans<\/a><\/p><p><a rel=\"noreferrer noopener\" href=\"http:\/\/chateaukids.com\/fr\/6-12-yas-cocuklar-icin-fransizca-ingilizce-oyunlu-dil-programlarimiz\/\" target=\"_blank\">Nos programmes linguistiques ludiques en fran\u00e7ais et en anglais pour les enfants \u00e2g\u00e9s de 6 \u00e0 12 ans<\/a><\/p><div class=\"wp-block-image\"><figure class=\"aligncenter size-large\"><a href=\"https:\/\/chateaukids.com\/fr\/\"><img decoding=\"async\" src=\"http:\/\/chateaukids.com\/wp-content\/uploads\/2020\/07\/Ekran-Resmi-2020-03-24-11.44.56-copy.png\" alt=\"Yeni \u00e7a\u011f\u0131n \u00e7ocuklar\u0131 ve gen\u00e7leri i\u00e7in, yarat\u0131c\u0131 \u00f6\u011frenme teknikleri ve oyun etkinlikleriyle \u0130ngilizce-Frans\u0131zca at\u00f6lyeler\" class=\"wp-image-6014\"\/><\/a><\/figure><\/div>","protected":false},"excerpt":{"rendered":"<p>De nos jours, conna\u00eetre l\u2019anglais permet \u00e0 chacun d\u2019aller plus loin dans les domaines de la carri\u00e8re et de l\u2019\u00e9ducation, tandis qu\u2019apprendre une deuxi\u00e8me langue \u00e9trang\u00e8re les am\u00e8ne 10 \u00e9tapes plus loin. Parce qu&#039;\u00e0 cette \u00e9poque o\u00f9 tout le monde conna\u00eet ou essaie d&#039;apprendre l&#039;anglais, conna\u00eetre des langues comme l&#039;allemand, le fran\u00e7ais, l&#039;espagnol, le russe et le chinois est un grand avantage tant en termes d&#039;\u00e9ducation que de carri\u00e8re. De nos jours, un employ\u00e9 qualifi\u00e9 ou [\u2026]<\/p>","protected":false},"author":1,"featured_media":0,"comment_status":"closed","ping_status":"open","sticky":false,"template":"","format":"standard","meta":{"_joinchat":[],"footnotes":""},"categories":[1,142,144,150,151,152,153,154,155,156],"tags":[104,108,109,110,111,112,113,114,115],"class_list":["post-6008","post","type-post","status-publish","format-standard","hentry","category-genel","category-dil-ogrenimi-ve-cocuklarda-yabancil-dil-hakkinda","category-yabanci-dil-ogrenimi","category-yabanci-diller","category-ingilizce","category-fransizca","category-almanca","category-ispanyolca","category-rusca","category-cince","tag-yabanci-dil","tag-kolay-ogrenim","tag-ingilizce","tag-fransizca","tag-almanca","tag-ispanyolca","tag-italyanca","tag-rusca","tag-cince"],"yoast_head":"<!-- This site is optimized with the Yoast SEO plugin v23.4 - https:\/\/yoast.com\/wordpress\/plugins\/seo\/ -->\n<title>\u0130ngilizce Tamam, AMA\u2026 Art\u0131k Yeterli mi? Ya Almanca, Frans\u0131zca, \u0130spanyolca, Rus\u00e7a, \u00c7ince? | Ch\u00e2teauKIDS<\/title>\n<meta name=\"description\" content=\"\u0130ngilizce tamam, ama? Ya Almanca, \u0130spanyolca, Frans\u0131zca, \u0130talyanca, Rus\u00e7a, \u00c7ince? Yeni D\u00fcnya&#039;da,yeni nesil \u00e7ouklarda ve gen\u00e7lerde yabanc\u0131 dil \u00f6\u011frenimi\" \/>\n<meta name=\"robots\" content=\"index, follow, max-snippet:-1, max-image-preview:large, max-video-preview:-1\" \/>\n<link rel=\"canonical\" href=\"https:\/\/chateaukids.com\/fr\/ingilizce-tamam-ama-artik-yeterli-mi-ya-almanca-fransizca-ispanyolca-rusca-cince\/\" \/>\n<meta property=\"og:locale\" content=\"fr_FR\" \/>\n<meta property=\"og:type\" content=\"article\" \/>\n<meta property=\"og:title\" content=\"\u0130ngilizce Tamam, AMA\u2026 Art\u0131k Yeterli mi? Ya Almanca, Frans\u0131zca, \u0130spanyolca, Rus\u00e7a, \u00c7ince? | Ch\u00e2teauKIDS\" \/>\n<meta property=\"og:description\" content=\"\u0130ngilizce tamam, ama? Ya Almanca, \u0130spanyolca, Frans\u0131zca, \u0130talyanca, Rus\u00e7a, \u00c7ince? Yeni D\u00fcnya&#039;da,yeni nesil \u00e7ouklarda ve gen\u00e7lerde yabanc\u0131 dil \u00f6\u011frenimi\" \/>\n<meta property=\"og:url\" content=\"https:\/\/chateaukids.com\/fr\/ingilizce-tamam-ama-artik-yeterli-mi-ya-almanca-fransizca-ispanyolca-rusca-cince\/\" \/>\n<meta property=\"og:site_name\" content=\"Ch\u00e2teauKIDS\" \/>\n<meta property=\"article:published_time\" content=\"2020-07-21T12:09:21+00:00\" \/>\n<meta property=\"article:modified_time\" content=\"2020-08-10T15:10:53+00:00\" \/>\n<meta property=\"og:image\" content=\"https:\/\/chateaukids.com\/wp-content\/uploads\/2020\/07\/shutterstock_blog.jpg\" \/>\n\t<meta property=\"og:image:width\" content=\"1350\" \/>\n\t<meta property=\"og:image:height\" content=\"551\" \/>\n\t<meta property=\"og:image:type\" content=\"image\/jpeg\" \/>\n<meta name=\"author\" content=\"Chateau E\u011fitim\" \/>\n<meta name=\"twitter:card\" content=\"summary_large_image\" \/>\n<meta name=\"twitter:label1\" content=\"\u00c9crit par\" \/>\n\t<meta name=\"twitter:data1\" content=\"Chateau E\u011fitim\" \/>\n\t<meta name=\"twitter:label2\" content=\"Dur\u00e9e de lecture estim\u00e9e\" \/>\n\t<meta name=\"twitter:data2\" content=\"3 minutes\" \/>\n<script type=\"application\/ld+json\" class=\"yoast-schema-graph\">{\"@context\":\"https:\/\/schema.org\",\"@graph\":[{\"@type\":\"WebPage\",\"@id\":\"https:\/\/chateaukids.com\/ingilizce-tamam-ama-artik-yeterli-mi-ya-almanca-fransizca-ispanyolca-rusca-cince\/\",\"url\":\"https:\/\/chateaukids.com\/ingilizce-tamam-ama-artik-yeterli-mi-ya-almanca-fransizca-ispanyolca-rusca-cince\/\",\"name\":\"\u0130ngilizce Tamam, AMA\u2026 Art\u0131k Yeterli mi? Ya Almanca, Frans\u0131zca, \u0130spanyolca, Rus\u00e7a, \u00c7ince? | Ch\u00e2teauKIDS\",\"isPartOf\":{\"@id\":\"https:\/\/chateaukids.com\/#website\"},\"primaryImageOfPage\":{\"@id\":\"https:\/\/chateaukids.com\/ingilizce-tamam-ama-artik-yeterli-mi-ya-almanca-fransizca-ispanyolca-rusca-cince\/#primaryimage\"},\"image\":{\"@id\":\"https:\/\/chateaukids.com\/ingilizce-tamam-ama-artik-yeterli-mi-ya-almanca-fransizca-ispanyolca-rusca-cince\/#primaryimage\"},\"thumbnailUrl\":\"http:\/\/chateaukids.com\/wp-content\/uploads\/2020\/07\/shutterstock_blog-1024x418.jpg\",\"datePublished\":\"2020-07-21T12:09:21+00:00\",\"dateModified\":\"2020-08-10T15:10:53+00:00\",\"author\":{\"@id\":\"https:\/\/chateaukids.com\/#\/schema\/person\/e420fb4db550e89aafd2392f9481c1bd\"},\"description\":\"\u0130ngilizce tamam, ama? Ya Almanca, \u0130spanyolca, Frans\u0131zca, \u0130talyanca, Rus\u00e7a, \u00c7ince? Yeni D\u00fcnya'da,yeni nesil \u00e7ouklarda ve gen\u00e7lerde yabanc\u0131 dil \u00f6\u011frenimi\",\"breadcrumb\":{\"@id\":\"https:\/\/chateaukids.com\/ingilizce-tamam-ama-artik-yeterli-mi-ya-almanca-fransizca-ispanyolca-rusca-cince\/#breadcrumb\"},\"inLanguage\":\"fr-FR\",\"potentialAction\":[{\"@type\":\"ReadAction\",\"target\":[\"https:\/\/chateaukids.com\/ingilizce-tamam-ama-artik-yeterli-mi-ya-almanca-fransizca-ispanyolca-rusca-cince\/\"]}]},{\"@type\":\"ImageObject\",\"inLanguage\":\"fr-FR\",\"@id\":\"https:\/\/chateaukids.com\/ingilizce-tamam-ama-artik-yeterli-mi-ya-almanca-fransizca-ispanyolca-rusca-cince\/#primaryimage\",\"url\":\"http:\/\/chateaukids.com\/wp-content\/uploads\/2020\/07\/shutterstock_blog-1024x418.jpg\",\"contentUrl\":\"http:\/\/chateaukids.com\/wp-content\/uploads\/2020\/07\/shutterstock_blog-1024x418.jpg\"},{\"@type\":\"BreadcrumbList\",\"@id\":\"https:\/\/chateaukids.com\/ingilizce-tamam-ama-artik-yeterli-mi-ya-almanca-fransizca-ispanyolca-rusca-cince\/#breadcrumb\",\"itemListElement\":[{\"@type\":\"ListItem\",\"position\":1,\"name\":\"Ana sayfa\",\"item\":\"https:\/\/chateaukids.com\/\"},{\"@type\":\"ListItem\",\"position\":2,\"name\":\"\u0130ngilizce Tamam, AMA\u2026 Art\u0131k Yeterli mi? Ya Almanca, Frans\u0131zca, \u0130spanyolca, Rus\u00e7a, \u00c7ince?\"}]},{\"@type\":\"WebSite\",\"@id\":\"https:\/\/chateaukids.com\/#website\",\"url\":\"https:\/\/chateaukids.com\/\",\"name\":\"Ch\u00e2teauKIDS\",\"description\":\"\",\"potentialAction\":[{\"@type\":\"SearchAction\",\"target\":{\"@type\":\"EntryPoint\",\"urlTemplate\":\"https:\/\/chateaukids.com\/?s={search_term_string}\"},\"query-input\":{\"@type\":\"PropertyValueSpecification\",\"valueRequired\":true,\"valueName\":\"search_term_string\"}}],\"inLanguage\":\"fr-FR\"},{\"@type\":\"Person\",\"@id\":\"https:\/\/chateaukids.com\/#\/schema\/person\/e420fb4db550e89aafd2392f9481c1bd\",\"name\":\"Chateau E\u011fitim\",\"image\":{\"@type\":\"ImageObject\",\"inLanguage\":\"fr-FR\",\"@id\":\"https:\/\/chateaukids.com\/#\/schema\/person\/image\/\",\"url\":\"https:\/\/chateaukids.com\/wp-content\/litespeed\/avatar\/4ef83b571816d27c0588df89fc130832.jpg?ver=1777394478\",\"contentUrl\":\"https:\/\/chateaukids.com\/wp-content\/litespeed\/avatar\/4ef83b571816d27c0588df89fc130832.jpg?ver=1777394478\",\"caption\":\"Chateau E\u011fitim\"}}]}<\/script>\n<!-- \/ Yoast SEO plugin. -->","yoast_head_json":{"title":"\u0130ngilizce Tamam, AMA\u2026 Art\u0131k Yeterli mi? Ya Almanca, Frans\u0131zca, \u0130spanyolca, Rus\u00e7a, \u00c7ince? | Ch\u00e2teauKIDS","description":"\u0130ngilizce tamam, ama? Ya Almanca, \u0130spanyolca, Frans\u0131zca, \u0130talyanca, Rus\u00e7a, \u00c7ince? Yeni D\u00fcnya'da,yeni nesil \u00e7ouklarda ve gen\u00e7lerde yabanc\u0131 dil \u00f6\u011frenimi","robots":{"index":"index","follow":"follow","max-snippet":"max-snippet:-1","max-image-preview":"max-image-preview:large","max-video-preview":"max-video-preview:-1"},"canonical":"https:\/\/chateaukids.com\/fr\/ingilizce-tamam-ama-artik-yeterli-mi-ya-almanca-fransizca-ispanyolca-rusca-cince\/","og_locale":"fr_FR","og_type":"article","og_title":"\u0130ngilizce Tamam, AMA\u2026 Art\u0131k Yeterli mi? Ya Almanca, Frans\u0131zca, \u0130spanyolca, Rus\u00e7a, \u00c7ince? | Ch\u00e2teauKIDS","og_description":"\u0130ngilizce tamam, ama? Ya Almanca, \u0130spanyolca, Frans\u0131zca, \u0130talyanca, Rus\u00e7a, \u00c7ince? Yeni D\u00fcnya'da,yeni nesil \u00e7ouklarda ve gen\u00e7lerde yabanc\u0131 dil \u00f6\u011frenimi","og_url":"https:\/\/chateaukids.com\/fr\/ingilizce-tamam-ama-artik-yeterli-mi-ya-almanca-fransizca-ispanyolca-rusca-cince\/","og_site_name":"Ch\u00e2teauKIDS","article_published_time":"2020-07-21T12:09:21+00:00","article_modified_time":"2020-08-10T15:10:53+00:00","og_image":[{"width":1350,"height":551,"url":"https:\/\/chateaukids.com\/wp-content\/uploads\/2020\/07\/shutterstock_blog.jpg","type":"image\/jpeg"}],"author":"Chateau E\u011fitim","twitter_card":"summary_large_image","twitter_misc":{"\u00c9crit par":"Chateau E\u011fitim","Dur\u00e9e de lecture estim\u00e9e":"3 minutes"},"schema":{"@context":"https:\/\/schema.org","@graph":[{"@type":"WebPage","@id":"https:\/\/chateaukids.com\/ingilizce-tamam-ama-artik-yeterli-mi-ya-almanca-fransizca-ispanyolca-rusca-cince\/","url":"https:\/\/chateaukids.com\/ingilizce-tamam-ama-artik-yeterli-mi-ya-almanca-fransizca-ispanyolca-rusca-cince\/","name":"\u0130ngilizce Tamam, AMA\u2026 Art\u0131k Yeterli mi? Ya Almanca, Frans\u0131zca, \u0130spanyolca, Rus\u00e7a, \u00c7ince? | Ch\u00e2teauKIDS","isPartOf":{"@id":"https:\/\/chateaukids.com\/#website"},"primaryImageOfPage":{"@id":"https:\/\/chateaukids.com\/ingilizce-tamam-ama-artik-yeterli-mi-ya-almanca-fransizca-ispanyolca-rusca-cince\/#primaryimage"},"image":{"@id":"https:\/\/chateaukids.com\/ingilizce-tamam-ama-artik-yeterli-mi-ya-almanca-fransizca-ispanyolca-rusca-cince\/#primaryimage"},"thumbnailUrl":"http:\/\/chateaukids.com\/wp-content\/uploads\/2020\/07\/shutterstock_blog-1024x418.jpg","datePublished":"2020-07-21T12:09:21+00:00","dateModified":"2020-08-10T15:10:53+00:00","author":{"@id":"https:\/\/chateaukids.com\/#\/schema\/person\/e420fb4db550e89aafd2392f9481c1bd"},"description":"\u0130ngilizce tamam, ama? Ya Almanca, \u0130spanyolca, Frans\u0131zca, \u0130talyanca, Rus\u00e7a, \u00c7ince? Yeni D\u00fcnya'da,yeni nesil \u00e7ouklarda ve gen\u00e7lerde yabanc\u0131 dil \u00f6\u011frenimi","breadcrumb":{"@id":"https:\/\/chateaukids.com\/ingilizce-tamam-ama-artik-yeterli-mi-ya-almanca-fransizca-ispanyolca-rusca-cince\/#breadcrumb"},"inLanguage":"fr-FR","potentialAction":[{"@type":"ReadAction","target":["https:\/\/chateaukids.com\/ingilizce-tamam-ama-artik-yeterli-mi-ya-almanca-fransizca-ispanyolca-rusca-cince\/"]}]},{"@type":"ImageObject","inLanguage":"fr-FR","@id":"https:\/\/chateaukids.com\/ingilizce-tamam-ama-artik-yeterli-mi-ya-almanca-fransizca-ispanyolca-rusca-cince\/#primaryimage","url":"http:\/\/chateaukids.com\/wp-content\/uploads\/2020\/07\/shutterstock_blog-1024x418.jpg","contentUrl":"http:\/\/chateaukids.com\/wp-content\/uploads\/2020\/07\/shutterstock_blog-1024x418.jpg"},{"@type":"BreadcrumbList","@id":"https:\/\/chateaukids.com\/ingilizce-tamam-ama-artik-yeterli-mi-ya-almanca-fransizca-ispanyolca-rusca-cince\/#breadcrumb","itemListElement":[{"@type":"ListItem","position":1,"name":"Ana sayfa","item":"https:\/\/chateaukids.com\/"},{"@type":"ListItem","position":2,"name":"\u0130ngilizce Tamam, AMA\u2026 Art\u0131k Yeterli mi? Ya Almanca, Frans\u0131zca, \u0130spanyolca, Rus\u00e7a, \u00c7ince?"}]},{"@type":"WebSite","@id":"https:\/\/chateaukids.com\/#website","url":"https:\/\/chateaukids.com\/","name":"Ch\u00e2teauKIDS","description":"","potentialAction":[{"@type":"SearchAction","target":{"@type":"EntryPoint","urlTemplate":"https:\/\/chateaukids.com\/?s={search_term_string}"},"query-input":{"@type":"PropertyValueSpecification","valueRequired":true,"valueName":"search_term_string"}}],"inLanguage":"fr-FR"},{"@type":"Person","@id":"https:\/\/chateaukids.com\/#\/schema\/person\/e420fb4db550e89aafd2392f9481c1bd","name":"Chateau E\u011fitim","image":{"@type":"ImageObject","inLanguage":"fr-FR","@id":"https:\/\/chateaukids.com\/#\/schema\/person\/image\/","url":"https:\/\/chateaukids.com\/wp-content\/litespeed\/avatar\/4ef83b571816d27c0588df89fc130832.jpg?ver=1777394478","contentUrl":"https:\/\/chateaukids.com\/wp-content\/litespeed\/avatar\/4ef83b571816d27c0588df89fc130832.jpg?ver=1777394478","caption":"Chateau E\u011fitim"}}]}},"_links":{"self":[{"href":"https:\/\/chateaukids.com\/fr\/wp-json\/wp\/v2\/posts\/6008","targetHints":{"allow":["GET"]}}],"collection":[{"href":"https:\/\/chateaukids.com\/fr\/wp-json\/wp\/v2\/posts"}],"about":[{"href":"https:\/\/chateaukids.com\/fr\/wp-json\/wp\/v2\/types\/post"}],"author":[{"embeddable":true,"href":"https:\/\/chateaukids.com\/fr\/wp-json\/wp\/v2\/users\/1"}],"replies":[{"embeddable":true,"href":"https:\/\/chateaukids.com\/fr\/wp-json\/wp\/v2\/comments?post=6008"}],"version-history":[{"count":0,"href":"https:\/\/chateaukids.com\/fr\/wp-json\/wp\/v2\/posts\/6008\/revisions"}],"wp:attachment":[{"href":"https:\/\/chateaukids.com\/fr\/wp-json\/wp\/v2\/media?parent=6008"}],"wp:term":[{"taxonomy":"category","embeddable":true,"href":"https:\/\/chateaukids.com\/fr\/wp-json\/wp\/v2\/categories?post=6008"},{"taxonomy":"post_tag","embeddable":true,"href":"https:\/\/chateaukids.com\/fr\/wp-json\/wp\/v2\/tags?post=6008"}],"curies":[{"name":"wp","href":"https:\/\/api.w.org\/{rel}","templated":true}]}}